{"id":61615,"date":"2015-08-01T12:19:38","date_gmt":"2015-08-01T12:19:38","guid":{"rendered":"https:\/\/jardinexotiqueroscoff.com\/pflanzenmesse-fruehling-im-garten-2019\/"},"modified":"2025-11-24T13:18:14","modified_gmt":"2025-11-24T13:18:14","slug":"pflanzenmesse-fruehling-im-garten-2019","status":"publish","type":"post","link":"https:\/\/jardinexotiqueroscoff.com\/de\/pflanzenmesse-fruehling-im-garten-2019\/","title":{"rendered":"Pflanzenmesse - Fr\u00fchling im Garten 2019"},"content":{"rendered":"<div id=\"dslc-theme-content\"><div id=\"dslc-theme-content-inner\"><p>Erzeugermarkt mit einer gro\u00dfen Vielfalt an Pflanzen von hier und anderswo im Jardin Exotique et Botanique de Roscoff am Sonntag, den 7. April 2019 von 10:00 bis 18:00 Uhr.<\/p>\n<p>Die dritte Ausgabe von <strong>\"Fr\u00fchling im Garten\"<\/strong> wird etwa 20 Aussteller umfassen, die Pflanzen produzieren, die von Obstb\u00e4umen \u00fcber Heilpflanzen und Sukkulenten bis hin zu seltenen Pflanzen in unserem Klima reichen. Gartenhandwerker werden anwesend sein, um die Bepflanzung mit M\u00f6beln oder handgefertigten Dekorationen zu versch\u00f6nern.<\/p>\n<p>Der Verein Les D\u00e9lices du Pays L\u00e9onard bietet ein gastronomisches Men\u00fc an, das von leidenschaftlichen K\u00f6chen in Zusammenarbeit mit lokalen Produzenten zusammengestellt wurde:<br \/>\nMen\u00fc (Vorspeise-Hauptspeise-Nachspeise) f\u00fcr 12 \u20ac<br \/>\n-Wildgr\u00fcner Salat<br \/>\n-Gebratener Schweinebauch mit Kr\u00e4uterf\u00fcllung<br \/>\n-Vielf\u00e4ltiges Gem\u00fcse<br \/>\n-Erdbeerapfel<br \/>\nReservierung per E-Mail wird empfohlen, da je nach Anzahl der Reservierungen nur eine begrenzte Anzahl von Gerichten zur Verf\u00fcgung steht (E-Mail: grapes@wanadoo.fr).<br \/>\nSchubkarren stehen zur Verf\u00fcgung, um die Funde bis zum Parkplatz zu transportieren!<br \/>\nKostenlose Parkpl\u00e4tze in der N\u00e4he.<br \/>\nFreier Eintritt zur Pflanzenmesse.<br \/>\nWenn die Besucher zus\u00e4tzlich den exotischen Garten von Roscoff besuchen m\u00f6chten: \u00fcblicher Tarif.<\/p>\n<\/div><\/div>","protected":false},"excerpt":{"rendered":"<p>Erzeugermarkt mit einer gro\u00dfen Vielfalt an Pflanzen von hier und anderswo im Jardin Exotique et Botanique de Roscoff am Sonntag, den 7. April 2019 von 10:00 bis 18:00 Uhr.<\/p>\n","protected":false},"author":1,"featured_media":59962,"comment_status":"closed","ping_status":"closed","sticky":false,"template":"","format":"standard","meta":{"footnotes":""},"categories":[679,681],"tags":[],"class_list":["post-61615","post","type-post","status-publish","format-standard","has-post-thumbnail","hentry","category-nachrichten","category-veranstaltung"],"_links":{"self":[{"href":"https:\/\/jardinexotiqueroscoff.com\/de\/wp-json\/wp\/v2\/posts\/61615","targetHints":{"allow":["GET"]}}],"collection":[{"href":"https:\/\/jardinexotiqueroscoff.com\/de\/wp-json\/wp\/v2\/posts"}],"about":[{"href":"https:\/\/jardinexotiqueroscoff.com\/de\/wp-json\/wp\/v2\/types\/post"}],"author":[{"embeddable":true,"href":"https:\/\/jardinexotiqueroscoff.com\/de\/wp-json\/wp\/v2\/users\/1"}],"replies":[{"embeddable":true,"href":"https:\/\/jardinexotiqueroscoff.com\/de\/wp-json\/wp\/v2\/comments?post=61615"}],"version-history":[{"count":1,"href":"https:\/\/jardinexotiqueroscoff.com\/de\/wp-json\/wp\/v2\/posts\/61615\/revisions"}],"predecessor-version":[{"id":62047,"href":"https:\/\/jardinexotiqueroscoff.com\/de\/wp-json\/wp\/v2\/posts\/61615\/revisions\/62047"}],"wp:featuredmedia":[{"embeddable":true,"href":"https:\/\/jardinexotiqueroscoff.com\/de\/wp-json\/wp\/v2\/media\/59962"}],"wp:attachment":[{"href":"https:\/\/jardinexotiqueroscoff.com\/de\/wp-json\/wp\/v2\/media?parent=61615"}],"wp:term":[{"taxonomy":"category","embeddable":true,"href":"https:\/\/jardinexotiqueroscoff.com\/de\/wp-json\/wp\/v2\/categories?post=61615"},{"taxonomy":"post_tag","embeddable":true,"href":"https:\/\/jardinexotiqueroscoff.com\/de\/wp-json\/wp\/v2\/tags?post=61615"}],"curies":[{"name":"wp","href":"https:\/\/api.w.org\/{rel}","templated":true}]}}