{"id":61603,"date":"2020-03-15T12:23:41","date_gmt":"2020-03-15T12:23:41","guid":{"rendered":"https:\/\/jardinexotiqueroscoff.com\/wiedereroeffnung-fuer-die-saison-2020-nach-der-winterpause\/"},"modified":"2025-11-24T13:20:56","modified_gmt":"2025-11-24T13:20:56","slug":"wiedereroeffnung-fuer-die-saison-2020-nach-der-winterpause","status":"publish","type":"post","link":"https:\/\/jardinexotiqueroscoff.com\/de\/wiedereroeffnung-fuer-die-saison-2020-nach-der-winterpause\/","title":{"rendered":"Wiederer\u00f6ffnung f\u00fcr die Saison 2020 nach der Winterpause!"},"content":{"rendered":"<div id=\"dslc-theme-content\"><div id=\"dslc-theme-content-inner\"><p>Nach einer Winterpause mit vielen St\u00fcrmen wird der Garten am 15. M\u00e4rz 2020 wiederer\u00f6ffnet. W\u00e4hrend der Schlie\u00dfung wurden mit Hilfe der Freiwilligen einige Verbesserungen vorgenommen, wie der Spielbereich f\u00fcr Kinder und die Anbringung von f\u00fcnf Werken, die der K\u00fcnstler Richard BROUARD gestiftet hatte.<\/p>\n<p>Das Gartenteam freut sich, nach einem zwar windigen, aber sehr milden Winter wieder Besucher in einem bl\u00fchenden Garten begr\u00fc\u00dfen zu k\u00f6nnen.<\/p>\n<p>&nbsp;<\/p>\n<\/div><\/div>","protected":false},"excerpt":{"rendered":"<p>Nach einer Winterpause mit vielen St\u00fcrmen wird der Garten am 15. M\u00e4rz 2020 wiederer\u00f6ffnet. W\u00e4hrend der Schlie\u00dfung wurden mit Hilfe der Freiwilligen einige Verbesserungen vorgenommen, wie der Spielbereich f\u00fcr Kinder und die Anbringung von f\u00fcnf Werken, die der K\u00fcnstler Richard BROUARD gestiftet hatte. Das Gartenteam freut sich, nach einem zwar windigen, aber sehr milden Winter [&hellip;]<\/p>\n","protected":false},"author":1,"featured_media":60692,"comment_status":"closed","ping_status":"closed","sticky":false,"template":"","format":"standard","meta":{"footnotes":""},"categories":[679],"tags":[],"class_list":["post-61603","post","type-post","status-publish","format-standard","has-post-thumbnail","hentry","category-nachrichten"],"_links":{"self":[{"href":"https:\/\/jardinexotiqueroscoff.com\/de\/wp-json\/wp\/v2\/posts\/61603","targetHints":{"allow":["GET"]}}],"collection":[{"href":"https:\/\/jardinexotiqueroscoff.com\/de\/wp-json\/wp\/v2\/posts"}],"about":[{"href":"https:\/\/jardinexotiqueroscoff.com\/de\/wp-json\/wp\/v2\/types\/post"}],"author":[{"embeddable":true,"href":"https:\/\/jardinexotiqueroscoff.com\/de\/wp-json\/wp\/v2\/users\/1"}],"replies":[{"embeddable":true,"href":"https:\/\/jardinexotiqueroscoff.com\/de\/wp-json\/wp\/v2\/comments?post=61603"}],"version-history":[{"count":1,"href":"https:\/\/jardinexotiqueroscoff.com\/de\/wp-json\/wp\/v2\/posts\/61603\/revisions"}],"predecessor-version":[{"id":62093,"href":"https:\/\/jardinexotiqueroscoff.com\/de\/wp-json\/wp\/v2\/posts\/61603\/revisions\/62093"}],"wp:featuredmedia":[{"embeddable":true,"href":"https:\/\/jardinexotiqueroscoff.com\/de\/wp-json\/wp\/v2\/media\/60692"}],"wp:attachment":[{"href":"https:\/\/jardinexotiqueroscoff.com\/de\/wp-json\/wp\/v2\/media?parent=61603"}],"wp:term":[{"taxonomy":"category","embeddable":true,"href":"https:\/\/jardinexotiqueroscoff.com\/de\/wp-json\/wp\/v2\/categories?post=61603"},{"taxonomy":"post_tag","embeddable":true,"href":"https:\/\/jardinexotiqueroscoff.com\/de\/wp-json\/wp\/v2\/tags?post=61603"}],"curies":[{"name":"wp","href":"https:\/\/api.w.org\/{rel}","templated":true}]}}