{"id":61600,"date":"2020-07-01T14:42:38","date_gmt":"2020-07-01T14:42:38","guid":{"rendered":"https:\/\/jardinexotiqueroscoff.com\/juli-2020-fotoausstellung-fotoatelier-der-asso-rosko-rando\/"},"modified":"2025-11-24T13:17:04","modified_gmt":"2025-11-24T13:17:04","slug":"juli-2020-fotoausstellung-fotoatelier-der-asso-rosko-rando","status":"publish","type":"post","link":"https:\/\/jardinexotiqueroscoff.com\/de\/juli-2020-fotoausstellung-fotoatelier-der-asso-rosko-rando\/","title":{"rendered":"Juli 2020: Fotoausstellung - Fotoatelier der Asso. Rosko Rando"},"content":{"rendered":"<div id=\"dslc-theme-content\"><div id=\"dslc-theme-content-inner\"><p>W\u00e4hrend des gesamten Monats Juli zeigt das Fotoatelier des Vereins Rosko rando eine Fotoausstellung \u00fcber die Landschaft von Rosko und Wildblumen. Diese Ausstellung ist mit der Eintrittskarte f\u00fcr den Besuch des Gartens zug\u00e4nglich (kein Aufpreis!). Nehmen Sie ein Souvenir aus Roscoff mit, denn die K\u00fcnstler bieten ihre Werke zum Verkauf an!  <\/p>\n<p>&nbsp;<\/p>\n<p>&nbsp;<\/p>\n<\/div><\/div>","protected":false},"excerpt":{"rendered":"<p>W\u00e4hrend des gesamten Monats Juli zeigt das Fotoatelier des Vereins Rosko rando eine Fotoausstellung \u00fcber die Landschaft von Rosko und Wildblumen. Diese Ausstellung ist mit der Eintrittskarte f\u00fcr den Besuch des Gartens zug\u00e4nglich (kein Aufpreis!). Nehmen Sie ein Souvenir aus Roscoff mit, denn die K\u00fcnstler bieten ihre Werke zum Verkauf an! &nbsp; &nbsp;<\/p>\n","protected":false},"author":1,"featured_media":60718,"comment_status":"closed","ping_status":"closed","sticky":false,"template":"","format":"standard","meta":{"footnotes":""},"categories":[679],"tags":[],"class_list":["post-61600","post","type-post","status-publish","format-standard","has-post-thumbnail","hentry","category-nachrichten"],"_links":{"self":[{"href":"https:\/\/jardinexotiqueroscoff.com\/de\/wp-json\/wp\/v2\/posts\/61600","targetHints":{"allow":["GET"]}}],"collection":[{"href":"https:\/\/jardinexotiqueroscoff.com\/de\/wp-json\/wp\/v2\/posts"}],"about":[{"href":"https:\/\/jardinexotiqueroscoff.com\/de\/wp-json\/wp\/v2\/types\/post"}],"author":[{"embeddable":true,"href":"https:\/\/jardinexotiqueroscoff.com\/de\/wp-json\/wp\/v2\/users\/1"}],"replies":[{"embeddable":true,"href":"https:\/\/jardinexotiqueroscoff.com\/de\/wp-json\/wp\/v2\/comments?post=61600"}],"version-history":[{"count":1,"href":"https:\/\/jardinexotiqueroscoff.com\/de\/wp-json\/wp\/v2\/posts\/61600\/revisions"}],"predecessor-version":[{"id":62018,"href":"https:\/\/jardinexotiqueroscoff.com\/de\/wp-json\/wp\/v2\/posts\/61600\/revisions\/62018"}],"wp:featuredmedia":[{"embeddable":true,"href":"https:\/\/jardinexotiqueroscoff.com\/de\/wp-json\/wp\/v2\/media\/60718"}],"wp:attachment":[{"href":"https:\/\/jardinexotiqueroscoff.com\/de\/wp-json\/wp\/v2\/media?parent=61600"}],"wp:term":[{"taxonomy":"category","embeddable":true,"href":"https:\/\/jardinexotiqueroscoff.com\/de\/wp-json\/wp\/v2\/categories?post=61600"},{"taxonomy":"post_tag","embeddable":true,"href":"https:\/\/jardinexotiqueroscoff.com\/de\/wp-json\/wp\/v2\/tags?post=61600"}],"curies":[{"name":"wp","href":"https:\/\/api.w.org\/{rel}","templated":true}]}}