{"id":61560,"date":"2022-06-22T14:57:00","date_gmt":"2022-06-22T14:57:00","guid":{"rendered":"https:\/\/jardinexotiqueroscoff.com\/gastronomischer-spaziergang-asaes-durch-den-garten-am-16-juli-2022\/"},"modified":"2025-11-24T13:17:07","modified_gmt":"2025-11-24T13:17:07","slug":"gastronomischer-spaziergang-asaes-durch-den-garten-am-16-juli-2022","status":"publish","type":"post","link":"https:\/\/jardinexotiqueroscoff.com\/de\/gastronomischer-spaziergang-asaes-durch-den-garten-am-16-juli-2022\/","title":{"rendered":"Gastronomischer Spaziergang \"ASA\u00c9S\" durch den Garten am 16. Juli 2022."},"content":{"rendered":"<div id=\"dslc-theme-content\"><div id=\"dslc-theme-content-inner\"><div><\/div>\n<div>\n<p class=\"ox-f403db3eb4-MsoNormal\"><b>Gastronomischer Spaziergang durch den Garten am 16. Juli 2022.<\/b><\/p>\n<p class=\"ox-f403db3eb4-MsoNormal\"><b>Am Samstag, den 16. Juni ab 12.30 Uhr<\/b> k\u00f6nnen Sie im Exotischen und Botanischen Garten von Roscoff mit dem Chefkoch des Restaurants \"Le brise lames.\" schlemmen.<\/p>\n<p class=\"ox-f403db3eb4-MsoNormal\">Nachdem Nicolas Beucher, Partner des Kunstprojekts ASA\u00c9S, die Gaumen der Sch\u00fcler der st\u00e4dtischen Grundschulen verw\u00f6hnt hat, wird er neue K\u00f6stlichkeiten aus lokalen Produkten, D\u00fcften und Gew\u00fcrzen, die in der Ausstellung gezeigt werden, herstellen.<\/p>\n<p class=\"ox-f403db3eb4-MsoNormal\">W\u00e4hrend Sie Ihr Essen genie\u00dfen, k\u00f6nnen Sie durch den Garten schlendern und den multisensorischen Rundgang ASA\u00c9S der K\u00fcnstlerin Claire Xu\u00e2n genie\u00dfen, der bis Mitte September im Garten fortgesetzt wird.<\/p>\n<p class=\"ox-f403db3eb4-MsoNormal\">Einige gastronomische, olfaktorische und spielerische \u00dcberraschungen werden Ihnen ebenfalls angeboten.<\/p>\n<p class=\"ox-f403db3eb4-MsoNormal\"><b>Preise :<\/b><\/p>\n<p class=\"ox-f403db3eb4-MsoNormal\">Erwachsene: 20 EUR<\/p>\n<p class=\"ox-f403db3eb4-MsoNormal\">Kinder bis 12 Jahre: 16 Euro<\/p>\n<p class=\"ox-f403db3eb4-MsoNormal\">Informationen und Reservierungen per Telefon und E-Mail:<\/p>\n<p class=\"ox-f403db3eb4-MsoNormal\">02.98.61.29.19 oder 06.65.78.99.43 \/ <a class=\"mailto-link\" tabindex=\"9999\" href=\"mailto:grapes@wanadoo.fr\" target=\"_blank\" rel=\"noopener\">grapes@wanadoo.fr<\/a> und auf HelloAsso :<\/p>\n<p class=\"ox-f403db3eb4-MsoNormal\"><a tabindex=\"9999\" href=\"https:\/\/www.helloasso.com\/associations\/association-grapes-jardin-exotique-et-botanique-de-roscoff\" target=\"_blank\" rel=\"noopener\">https:\/\/www.helloasso.com\/associations\/association-grapes-jardin-exotique-et-botanique-de-roscoff<\/a><\/p>\n<p class=\"ox-f403db3eb4-MsoNormal\">Um das Essen bestm\u00f6glich vorbereiten zu k\u00f6nnen, bitten wir Sie, sich bis sp\u00e4testens 8. Juli anzumelden. Die Veranstaltung ist auf 80 Personen begrenzt. <\/p>\n<\/div>\n<\/div><\/div>","protected":false},"excerpt":{"rendered":"<p>Erzeugermarkt mit einer gro\u00dfen Vielfalt an Pflanzen von hier und anderswo im Jardin Exotique et Botanique de Roscoff am Sonntag, den 7. April 2019 von 10:00 bis 18:00 Uhr.<\/p>\n","protected":false},"author":34,"featured_media":61248,"comment_status":"closed","ping_status":"closed","sticky":false,"template":"","format":"standard","meta":{"footnotes":""},"categories":[679,681],"tags":[],"class_list":["post-61560","post","type-post","status-publish","format-standard","has-post-thumbnail","hentry","category-nachrichten","category-veranstaltung"],"_links":{"self":[{"href":"https:\/\/jardinexotiqueroscoff.com\/de\/wp-json\/wp\/v2\/posts\/61560","targetHints":{"allow":["GET"]}}],"collection":[{"href":"https:\/\/jardinexotiqueroscoff.com\/de\/wp-json\/wp\/v2\/posts"}],"about":[{"href":"https:\/\/jardinexotiqueroscoff.com\/de\/wp-json\/wp\/v2\/types\/post"}],"author":[{"embeddable":true,"href":"https:\/\/jardinexotiqueroscoff.com\/de\/wp-json\/wp\/v2\/users\/34"}],"replies":[{"embeddable":true,"href":"https:\/\/jardinexotiqueroscoff.com\/de\/wp-json\/wp\/v2\/comments?post=61560"}],"version-history":[{"count":1,"href":"https:\/\/jardinexotiqueroscoff.com\/de\/wp-json\/wp\/v2\/posts\/61560\/revisions"}],"predecessor-version":[{"id":62023,"href":"https:\/\/jardinexotiqueroscoff.com\/de\/wp-json\/wp\/v2\/posts\/61560\/revisions\/62023"}],"wp:featuredmedia":[{"embeddable":true,"href":"https:\/\/jardinexotiqueroscoff.com\/de\/wp-json\/wp\/v2\/media\/61248"}],"wp:attachment":[{"href":"https:\/\/jardinexotiqueroscoff.com\/de\/wp-json\/wp\/v2\/media?parent=61560"}],"wp:term":[{"taxonomy":"category","embeddable":true,"href":"https:\/\/jardinexotiqueroscoff.com\/de\/wp-json\/wp\/v2\/categories?post=61560"},{"taxonomy":"post_tag","embeddable":true,"href":"https:\/\/jardinexotiqueroscoff.com\/de\/wp-json\/wp\/v2\/tags?post=61560"}],"curies":[{"name":"wp","href":"https:\/\/api.w.org\/{rel}","templated":true}]}}