{"id":61556,"date":"2022-07-21T13:42:48","date_gmt":"2022-07-21T13:42:48","guid":{"rendered":"https:\/\/jardinexotiqueroscoff.com\/ausserordentliche-schliessung-samstag-23-juli-2022\/"},"modified":"2025-11-24T13:17:40","modified_gmt":"2025-11-24T13:17:40","slug":"ausserordentliche-schliessung-samstag-23-juli-2022","status":"publish","type":"post","link":"https:\/\/jardinexotiqueroscoff.com\/de\/ausserordentliche-schliessung-samstag-23-juli-2022\/","title":{"rendered":"Au\u00dferordentliche Schlie\u00dfung - Samstag, 23. Juli 2022"},"content":{"rendered":"<div id=\"dslc-theme-content\"><div id=\"dslc-theme-content-inner\"><p>Ausnahmsweise m\u00fcssen wir den Garten am Samstag, den 23. Juli schlie\u00dfen.<\/p>\n<p>Der Garten wird am Sonntag, den 24. Juli zu den \u00fcblichen \u00d6ffnungszeiten wieder ge\u00f6ffnet.<\/p>\n<p>Vielen Dank f\u00fcr Ihr Verst\u00e4ndnis.<\/p>\n<p>Und wir freuen uns darauf, Sie im Garten begr\u00fc\u00dfen zu d\u00fcrfen!<\/p>\n<\/div><\/div>","protected":false},"excerpt":{"rendered":"<p>Ausnahmsweise m\u00fcssen wir den Garten am Samstag, den 23. Juli schlie\u00dfen. Der Garten wird am Sonntag, den 24. Juli zu den \u00fcblichen \u00d6ffnungszeiten wieder ge\u00f6ffnet. Vielen Dank f\u00fcr Ihr Verst\u00e4ndnis. Und wir freuen uns darauf, Sie im Garten begr\u00fc\u00dfen zu d\u00fcrfen!<\/p>\n","protected":false},"author":34,"featured_media":61250,"comment_status":"closed","ping_status":"closed","sticky":false,"template":"","format":"standard","meta":{"footnotes":""},"categories":[679],"tags":[],"class_list":["post-61556","post","type-post","status-publish","format-standard","has-post-thumbnail","hentry","category-nachrichten"],"_links":{"self":[{"href":"https:\/\/jardinexotiqueroscoff.com\/de\/wp-json\/wp\/v2\/posts\/61556","targetHints":{"allow":["GET"]}}],"collection":[{"href":"https:\/\/jardinexotiqueroscoff.com\/de\/wp-json\/wp\/v2\/posts"}],"about":[{"href":"https:\/\/jardinexotiqueroscoff.com\/de\/wp-json\/wp\/v2\/types\/post"}],"author":[{"embeddable":true,"href":"https:\/\/jardinexotiqueroscoff.com\/de\/wp-json\/wp\/v2\/users\/34"}],"replies":[{"embeddable":true,"href":"https:\/\/jardinexotiqueroscoff.com\/de\/wp-json\/wp\/v2\/comments?post=61556"}],"version-history":[{"count":1,"href":"https:\/\/jardinexotiqueroscoff.com\/de\/wp-json\/wp\/v2\/posts\/61556\/revisions"}],"predecessor-version":[{"id":62033,"href":"https:\/\/jardinexotiqueroscoff.com\/de\/wp-json\/wp\/v2\/posts\/61556\/revisions\/62033"}],"wp:featuredmedia":[{"embeddable":true,"href":"https:\/\/jardinexotiqueroscoff.com\/de\/wp-json\/wp\/v2\/media\/61250"}],"wp:attachment":[{"href":"https:\/\/jardinexotiqueroscoff.com\/de\/wp-json\/wp\/v2\/media?parent=61556"}],"wp:term":[{"taxonomy":"category","embeddable":true,"href":"https:\/\/jardinexotiqueroscoff.com\/de\/wp-json\/wp\/v2\/categories?post=61556"},{"taxonomy":"post_tag","embeddable":true,"href":"https:\/\/jardinexotiqueroscoff.com\/de\/wp-json\/wp\/v2\/tags?post=61556"}],"curies":[{"name":"wp","href":"https:\/\/api.w.org\/{rel}","templated":true}]}}