{"id":61548,"date":"2022-08-24T12:11:10","date_gmt":"2022-08-24T12:11:10","guid":{"rendered":"https:\/\/jardinexotiqueroscoff.com\/europaeische-tage-des-kulturerbes-2022\/"},"modified":"2025-11-24T13:30:54","modified_gmt":"2025-11-24T13:30:54","slug":"europaeische-tage-des-kulturerbes-2022","status":"publish","type":"post","link":"https:\/\/jardinexotiqueroscoff.com\/de\/europaeische-tage-des-kulturerbes-2022\/","title":{"rendered":"Europ\u00e4ische Tage des Kulturerbes 2022"},"content":{"rendered":"<div id=\"dslc-theme-content\"><div id=\"dslc-theme-content-inner\"><div class=\"kvgmc6g5 cxmmr5t8 oygrvhab hcukyx3x c1et5uql\">\n<p>Im Rahmen der Europ\u00e4ischen Tage des Kulturerbes, die 2022 unter dem Motto \"Nachhaltiges Kulturerbe\" stehen, bietet der Exotische und Botanische Garten Roscoff am Samstag, den 17. und Sonntag, den 18. September 2022 erm\u00e4\u00dfigte Eintrittspreise an (5 \u20ac statt 6 \u20ac), damit Sie unsere Leidenschaft f\u00fcr die Akklimatisierung von Pflanzen aus der s\u00fcdlichen Hemisph\u00e4re im n\u00f6rdlichen Finist\u00e8re teilen k\u00f6nnen!<\/p>\n<\/div>\n<div class=\"o9v6fnle cxmmr5t8 oygrvhab hcukyx3x c1et5uql\">\u00d6ffnungszeiten: durchgehend von 10.00 bis 18.00 Uhr - Schlie\u00dfung des Schalters eine Stunde vor Schlie\u00dfung.<\/div>\n<\/div><\/div>","protected":false},"excerpt":{"rendered":"<p>Im Rahmen der Europ\u00e4ischen Tage des Kulturerbes, die 2022 unter dem Motto \"Nachhaltiges Kulturerbe\" stehen, bietet der Exotische und Botanische Garten Roscoff am Samstag, den 17. und Sonntag, den 18. September 2022 erm\u00e4\u00dfigte Eintrittspreise an (5 \u20ac statt 6 \u20ac), damit Sie unsere Leidenschaft f\u00fcr die Akklimatisierung von Pflanzen aus der s\u00fcdlichen Hemisph\u00e4re im n\u00f6rdlichen [&hellip;]<\/p>\n","protected":false},"author":34,"featured_media":61252,"comment_status":"closed","ping_status":"closed","sticky":false,"template":"","format":"standard","meta":{"footnotes":""},"categories":[679],"tags":[],"class_list":["post-61548","post","type-post","status-publish","format-standard","has-post-thumbnail","hentry","category-nachrichten"],"_links":{"self":[{"href":"https:\/\/jardinexotiqueroscoff.com\/de\/wp-json\/wp\/v2\/posts\/61548","targetHints":{"allow":["GET"]}}],"collection":[{"href":"https:\/\/jardinexotiqueroscoff.com\/de\/wp-json\/wp\/v2\/posts"}],"about":[{"href":"https:\/\/jardinexotiqueroscoff.com\/de\/wp-json\/wp\/v2\/types\/post"}],"author":[{"embeddable":true,"href":"https:\/\/jardinexotiqueroscoff.com\/de\/wp-json\/wp\/v2\/users\/34"}],"replies":[{"embeddable":true,"href":"https:\/\/jardinexotiqueroscoff.com\/de\/wp-json\/wp\/v2\/comments?post=61548"}],"version-history":[{"count":1,"href":"https:\/\/jardinexotiqueroscoff.com\/de\/wp-json\/wp\/v2\/posts\/61548\/revisions"}],"predecessor-version":[{"id":62100,"href":"https:\/\/jardinexotiqueroscoff.com\/de\/wp-json\/wp\/v2\/posts\/61548\/revisions\/62100"}],"wp:featuredmedia":[{"embeddable":true,"href":"https:\/\/jardinexotiqueroscoff.com\/de\/wp-json\/wp\/v2\/media\/61252"}],"wp:attachment":[{"href":"https:\/\/jardinexotiqueroscoff.com\/de\/wp-json\/wp\/v2\/media?parent=61548"}],"wp:term":[{"taxonomy":"category","embeddable":true,"href":"https:\/\/jardinexotiqueroscoff.com\/de\/wp-json\/wp\/v2\/categories?post=61548"},{"taxonomy":"post_tag","embeddable":true,"href":"https:\/\/jardinexotiqueroscoff.com\/de\/wp-json\/wp\/v2\/tags?post=61548"}],"curies":[{"name":"wp","href":"https:\/\/api.w.org\/{rel}","templated":true}]}}