{"id":61544,"date":"2022-11-02T16:47:59","date_gmt":"2022-11-02T16:47:59","guid":{"rendered":"https:\/\/jardinexotiqueroscoff.com\/jaehrliche-winterschliessungen-ab-samstag-den-5-november\/"},"modified":"2025-11-24T13:20:02","modified_gmt":"2025-11-24T13:20:02","slug":"jaehrliche-winterschliessungen-ab-samstag-den-5-november","status":"publish","type":"post","link":"https:\/\/jardinexotiqueroscoff.com\/de\/jaehrliche-winterschliessungen-ab-samstag-den-5-november\/","title":{"rendered":"J\u00e4hrliche Winterschlie\u00dfungen: Ab Samstag, den 5. November!"},"content":{"rendered":"<div id=\"dslc-theme-content\"><div id=\"dslc-theme-content-inner\"><p>H\u00f6rt, h\u00f6rt!<\/p>\n<p>Wir sind gezwungen, den Garten in diesem Jahr fr\u00fcher zu schlie\u00dfen, d.h. wir werden ab Samstag, dem 5. November 2022 f\u00fcr die \u00d6ffentlichkeit geschlossen sein.<\/p>\n<p>Die Wiederer\u00f6ffnung in der n\u00e4chsten Saison ist am 1. M\u00e4rz 2023!<\/p>\n<p>&nbsp;<\/p>\n<p>Der Garten ist in diesem Winter w\u00e4hrend der Veranstaltung \"Weihnachten im Garten\" vom 17. bis 21. Dezember zug\u00e4nglich.<\/p>\n<p>&gt;Am 17. und 18. Dezember ist der Garten f\u00fcr freie Besichtigungen ge\u00f6ffnet, um in die Welt der Weihnacht einzutauchen, in einem beleuchteten und geschm\u00fcckten Garten. Der Besuch ist frei. Cr\u00eapes und Gl\u00fchwein in H\u00fclle und F\u00fclle!<\/p>\n<p>Und der Weihnachtsmann wird uns sicher besuchen! Und es wird sicherlich einige \u00dcberraschungen geben!<\/p>\n<p>&nbsp;<\/p>\n<p>&gt;Vom 19. bis 21. Dezember kehrt Kapit\u00e4n Hook f\u00fcr das Licht- und Tonspektakel \"R\u00fcckkehr ins Nimmerland\" in den Garten zur\u00fcck!<\/p>\n<p>Eine Reservierung ist erforderlich (und es ist bereits fast ausgebucht!).<\/p>\n<p>&nbsp;<\/p>\n<p>Vielen Dank f\u00fcr Ihr Verst\u00e4ndnis f\u00fcr diese vorzeitige Schlie\u00dfung.<\/p>\n<p>Wir freuen uns darauf, Sie bald im Garten begr\u00fc\u00dfen zu d\u00fcrfen!<\/p>\n<\/div><\/div>","protected":false},"excerpt":{"rendered":"<p>H\u00f6rt, h\u00f6rt! Wir sind gezwungen, den Garten in diesem Jahr fr\u00fcher zu schlie\u00dfen, d.h. wir werden ab Samstag, dem 5. November 2022 f\u00fcr die \u00d6ffentlichkeit geschlossen sein. Die Wiederer\u00f6ffnung in der n\u00e4chsten Saison ist am 1. M\u00e4rz 2023! &nbsp; Der Garten ist in diesem Winter w\u00e4hrend der Veranstaltung \"Weihnachten im Garten\" vom 17. bis 21. [&hellip;]<\/p>\n","protected":false},"author":34,"featured_media":61260,"comment_status":"closed","ping_status":"closed","sticky":false,"template":"","format":"standard","meta":{"footnotes":""},"categories":[679],"tags":[],"class_list":["post-61544","post","type-post","status-publish","format-standard","has-post-thumbnail","hentry","category-nachrichten"],"_links":{"self":[{"href":"https:\/\/jardinexotiqueroscoff.com\/de\/wp-json\/wp\/v2\/posts\/61544","targetHints":{"allow":["GET"]}}],"collection":[{"href":"https:\/\/jardinexotiqueroscoff.com\/de\/wp-json\/wp\/v2\/posts"}],"about":[{"href":"https:\/\/jardinexotiqueroscoff.com\/de\/wp-json\/wp\/v2\/types\/post"}],"author":[{"embeddable":true,"href":"https:\/\/jardinexotiqueroscoff.com\/de\/wp-json\/wp\/v2\/users\/34"}],"replies":[{"embeddable":true,"href":"https:\/\/jardinexotiqueroscoff.com\/de\/wp-json\/wp\/v2\/comments?post=61544"}],"version-history":[{"count":1,"href":"https:\/\/jardinexotiqueroscoff.com\/de\/wp-json\/wp\/v2\/posts\/61544\/revisions"}],"predecessor-version":[{"id":62073,"href":"https:\/\/jardinexotiqueroscoff.com\/de\/wp-json\/wp\/v2\/posts\/61544\/revisions\/62073"}],"wp:featuredmedia":[{"embeddable":true,"href":"https:\/\/jardinexotiqueroscoff.com\/de\/wp-json\/wp\/v2\/media\/61260"}],"wp:attachment":[{"href":"https:\/\/jardinexotiqueroscoff.com\/de\/wp-json\/wp\/v2\/media?parent=61544"}],"wp:term":[{"taxonomy":"category","embeddable":true,"href":"https:\/\/jardinexotiqueroscoff.com\/de\/wp-json\/wp\/v2\/categories?post=61544"},{"taxonomy":"post_tag","embeddable":true,"href":"https:\/\/jardinexotiqueroscoff.com\/de\/wp-json\/wp\/v2\/tags?post=61544"}],"curies":[{"name":"wp","href":"https:\/\/api.w.org\/{rel}","templated":true}]}}