{"id":61538,"date":"2022-11-01T10:05:41","date_gmt":"2022-11-01T10:05:41","guid":{"rendered":"https:\/\/jardinexotiqueroscoff.com\/dienstag-1-november-2022-sicherheit-windboeen-sturm-claudio\/"},"modified":"2025-11-24T13:19:48","modified_gmt":"2025-11-24T13:19:48","slug":"dienstag-1-november-2022-sicherheit-windboeen-sturm-claudio","status":"publish","type":"post","link":"https:\/\/jardinexotiqueroscoff.com\/de\/dienstag-1-november-2022-sicherheit-windboeen-sturm-claudio\/","title":{"rendered":"Dienstag, 1. November 2022: Sicherheit\/Windb\u00f6en - Sturm 'Claudio'."},"content":{"rendered":"<div id=\"dslc-theme-content\"><div id=\"dslc-theme-content-inner\"><p>Ausnahmsweise m\u00fcssen wir den Garten am Dienstag, den 1. November 2022 schlie\u00dfen.<\/p>\n<p>Die Wetterbedingungen lassen eine sichere \u00d6ffnung des Gartens nicht zu (die Windb\u00f6en sind zu stark).<\/p>\n<p>Wenn sich die Lage verbessert, wird der Garten am Mittwoch, den 2. November wieder zu den \u00fcblichen Zeiten ge\u00f6ffnet (10-18 Uhr)<\/p>\n<p>Vielen Dank f\u00fcr Ihr Verst\u00e4ndnis.<\/p>\n<p>Und wir freuen uns darauf, Sie bald wieder im Garten begr\u00fc\u00dfen zu d\u00fcrfen!<\/p>\n<\/div><\/div>","protected":false},"excerpt":{"rendered":"<p>Ausnahmsweise m\u00fcssen wir den Garten am Dienstag, den 1. November 2022 schlie\u00dfen. Die Wetterbedingungen lassen eine sichere \u00d6ffnung des Gartens nicht zu (die Windb\u00f6en sind zu stark). Wenn sich die Lage verbessert, wird der Garten am Mittwoch, den 2. November wieder zu den \u00fcblichen Zeiten ge\u00f6ffnet (10-18 Uhr) Vielen Dank f\u00fcr Ihr Verst\u00e4ndnis. Und wir [&hellip;]<\/p>\n","protected":false},"author":34,"featured_media":60814,"comment_status":"closed","ping_status":"closed","sticky":false,"template":"","format":"standard","meta":{"footnotes":""},"categories":[679],"tags":[],"class_list":["post-61538","post","type-post","status-publish","format-standard","has-post-thumbnail","hentry","category-nachrichten"],"_links":{"self":[{"href":"https:\/\/jardinexotiqueroscoff.com\/de\/wp-json\/wp\/v2\/posts\/61538","targetHints":{"allow":["GET"]}}],"collection":[{"href":"https:\/\/jardinexotiqueroscoff.com\/de\/wp-json\/wp\/v2\/posts"}],"about":[{"href":"https:\/\/jardinexotiqueroscoff.com\/de\/wp-json\/wp\/v2\/types\/post"}],"author":[{"embeddable":true,"href":"https:\/\/jardinexotiqueroscoff.com\/de\/wp-json\/wp\/v2\/users\/34"}],"replies":[{"embeddable":true,"href":"https:\/\/jardinexotiqueroscoff.com\/de\/wp-json\/wp\/v2\/comments?post=61538"}],"version-history":[{"count":1,"href":"https:\/\/jardinexotiqueroscoff.com\/de\/wp-json\/wp\/v2\/posts\/61538\/revisions"}],"predecessor-version":[{"id":62068,"href":"https:\/\/jardinexotiqueroscoff.com\/de\/wp-json\/wp\/v2\/posts\/61538\/revisions\/62068"}],"wp:featuredmedia":[{"embeddable":true,"href":"https:\/\/jardinexotiqueroscoff.com\/de\/wp-json\/wp\/v2\/media\/60814"}],"wp:attachment":[{"href":"https:\/\/jardinexotiqueroscoff.com\/de\/wp-json\/wp\/v2\/media?parent=61538"}],"wp:term":[{"taxonomy":"category","embeddable":true,"href":"https:\/\/jardinexotiqueroscoff.com\/de\/wp-json\/wp\/v2\/categories?post=61538"},{"taxonomy":"post_tag","embeddable":true,"href":"https:\/\/jardinexotiqueroscoff.com\/de\/wp-json\/wp\/v2\/tags?post=61538"}],"curies":[{"name":"wp","href":"https:\/\/api.w.org\/{rel}","templated":true}]}}