{"id":61530,"date":"2023-08-02T08:48:52","date_gmt":"2023-08-02T08:48:52","guid":{"rendered":"https:\/\/jardinexotiqueroscoff.com\/ausserordentliche-schliessung-mittwoch-3-august-2023-um-12-00-uhr-sicherheit-windboeen\/"},"modified":"2025-11-24T13:37:43","modified_gmt":"2025-11-24T13:37:43","slug":"ausserordentliche-schliessung-mittwoch-3-august-2023-um-12-00-uhr-sicherheit-windboeen","status":"publish","type":"post","link":"https:\/\/jardinexotiqueroscoff.com\/de\/ausserordentliche-schliessung-mittwoch-3-august-2023-um-12-00-uhr-sicherheit-windboeen\/","title":{"rendered":"Au\u00dferordentliche Schlie\u00dfung -Mittwoch, 3. August 2023 um 12.00 Uhr: Sicherheit\/Windb\u00f6en"},"content":{"rendered":"<div id=\"dslc-theme-content\"><div id=\"dslc-theme-content-inner\"><p>Ausnahmsweise m\u00fcssen wir den Garten am Mittwoch, den 2. August 2023 ab 12.00 Uhr schlie\u00dfen.<\/p>\n<p>Die Wetterbedingungen lassen eine sichere \u00d6ffnung des Gartens nicht zu (die Windb\u00f6en sind zu stark).<\/p>\n<p>Wenn sich die Lage verbessert, wird der Garten am Donnerstag, den 3. August 2023 um 10.00 Uhr wieder zu den \u00fcblichen Zeiten ge\u00f6ffnet.<\/p>\n<p>Vielen Dank f\u00fcr Ihr Verst\u00e4ndnis.<\/p>\n<p>Und wir freuen uns darauf, Sie bald im Garten begr\u00fc\u00dfen zu d\u00fcrfen!<\/p>\n<\/div><\/div>","protected":false},"excerpt":{"rendered":"<p>Ausnahmsweise m\u00fcssen wir den Garten am Mittwoch, den 2. August 2023 ab 12.00 Uhr schlie\u00dfen. Die Wetterbedingungen lassen eine sichere \u00d6ffnung des Gartens nicht zu (die Windb\u00f6en sind zu stark). Wenn sich die Lage verbessert, wird der Garten am Donnerstag, den 3. August 2023 um 10.00 Uhr wieder zu den \u00fcblichen Zeiten ge\u00f6ffnet. Vielen Dank [&hellip;]<\/p>\n","protected":false},"author":34,"featured_media":61178,"comment_status":"closed","ping_status":"closed","sticky":false,"template":"","format":"standard","meta":{"footnotes":""},"categories":[679],"tags":[],"class_list":["post-61530","post","type-post","status-publish","format-standard","has-post-thumbnail","hentry","category-nachrichten"],"_links":{"self":[{"href":"https:\/\/jardinexotiqueroscoff.com\/de\/wp-json\/wp\/v2\/posts\/61530","targetHints":{"allow":["GET"]}}],"collection":[{"href":"https:\/\/jardinexotiqueroscoff.com\/de\/wp-json\/wp\/v2\/posts"}],"about":[{"href":"https:\/\/jardinexotiqueroscoff.com\/de\/wp-json\/wp\/v2\/types\/post"}],"author":[{"embeddable":true,"href":"https:\/\/jardinexotiqueroscoff.com\/de\/wp-json\/wp\/v2\/users\/34"}],"replies":[{"embeddable":true,"href":"https:\/\/jardinexotiqueroscoff.com\/de\/wp-json\/wp\/v2\/comments?post=61530"}],"version-history":[{"count":1,"href":"https:\/\/jardinexotiqueroscoff.com\/de\/wp-json\/wp\/v2\/posts\/61530\/revisions"}],"predecessor-version":[{"id":62129,"href":"https:\/\/jardinexotiqueroscoff.com\/de\/wp-json\/wp\/v2\/posts\/61530\/revisions\/62129"}],"wp:featuredmedia":[{"embeddable":true,"href":"https:\/\/jardinexotiqueroscoff.com\/de\/wp-json\/wp\/v2\/media\/61178"}],"wp:attachment":[{"href":"https:\/\/jardinexotiqueroscoff.com\/de\/wp-json\/wp\/v2\/media?parent=61530"}],"wp:term":[{"taxonomy":"category","embeddable":true,"href":"https:\/\/jardinexotiqueroscoff.com\/de\/wp-json\/wp\/v2\/categories?post=61530"},{"taxonomy":"post_tag","embeddable":true,"href":"https:\/\/jardinexotiqueroscoff.com\/de\/wp-json\/wp\/v2\/tags?post=61530"}],"curies":[{"name":"wp","href":"https:\/\/api.w.org\/{rel}","templated":true}]}}