{"id":61527,"date":"2023-03-31T09:33:18","date_gmt":"2023-03-31T09:33:18","guid":{"rendered":"https:\/\/jardinexotiqueroscoff.com\/ausserordentliche-schliessung-freitag-31-maerz-2023-sicherheit-windboeen\/"},"modified":"2025-11-24T13:20:19","modified_gmt":"2025-11-24T13:20:19","slug":"ausserordentliche-schliessung-freitag-31-maerz-2023-sicherheit-windboeen","status":"publish","type":"post","link":"https:\/\/jardinexotiqueroscoff.com\/de\/ausserordentliche-schliessung-freitag-31-maerz-2023-sicherheit-windboeen\/","title":{"rendered":"Au\u00dferordentliche Schlie\u00dfung - Freitag, 31. M\u00e4rz 2023: Sicherheit\/Windb\u00f6en"},"content":{"rendered":"<div id=\"dslc-theme-content\"><div id=\"dslc-theme-content-inner\"><p>Ausnahmsweise m\u00fcssen wir den Garten am Freitag, den 31. M\u00e4rz 2023 schlie\u00dfen.<\/p>\n<p>Die Wetterbedingungen lassen eine sichere \u00d6ffnung des Gartens nicht zu (die Windb\u00f6en sind zu stark).<\/p>\n<p>Wenn sich die Situation verbessert, wird der Garten am Samstag, den 1. April 2023 wieder zu den \u00fcblichen Zeiten ge\u00f6ffnet (10-18 Uhr).<\/p>\n<p>Und die Pflanzenmesse am Sonntag, den 2. April wird ebenfalls fortgesetzt.<\/p>\n<p>Vielen Dank f\u00fcr Ihr Verst\u00e4ndnis.<\/p>\n<p>Und wir freuen uns darauf, Sie bald im Garten begr\u00fc\u00dfen zu d\u00fcrfen!<\/p>\n<\/div><\/div>","protected":false},"excerpt":{"rendered":"<p>Ausnahmsweise m\u00fcssen wir den Garten am Freitag, den 31. M\u00e4rz 2023 schlie\u00dfen. Die Wetterbedingungen lassen eine sichere \u00d6ffnung des Gartens nicht zu (die Windb\u00f6en sind zu stark). Wenn sich die Situation verbessert, wird der Garten am Samstag, den 1. April 2023 wieder zu den \u00fcblichen Zeiten ge\u00f6ffnet (10-18 Uhr). Und die Pflanzenmesse am Sonntag, den [&hellip;]<\/p>\n","protected":false},"author":34,"featured_media":61268,"comment_status":"closed","ping_status":"closed","sticky":false,"template":"","format":"standard","meta":{"footnotes":""},"categories":[679],"tags":[],"class_list":["post-61527","post","type-post","status-publish","format-standard","has-post-thumbnail","hentry","category-nachrichten"],"_links":{"self":[{"href":"https:\/\/jardinexotiqueroscoff.com\/de\/wp-json\/wp\/v2\/posts\/61527","targetHints":{"allow":["GET"]}}],"collection":[{"href":"https:\/\/jardinexotiqueroscoff.com\/de\/wp-json\/wp\/v2\/posts"}],"about":[{"href":"https:\/\/jardinexotiqueroscoff.com\/de\/wp-json\/wp\/v2\/types\/post"}],"author":[{"embeddable":true,"href":"https:\/\/jardinexotiqueroscoff.com\/de\/wp-json\/wp\/v2\/users\/34"}],"replies":[{"embeddable":true,"href":"https:\/\/jardinexotiqueroscoff.com\/de\/wp-json\/wp\/v2\/comments?post=61527"}],"version-history":[{"count":1,"href":"https:\/\/jardinexotiqueroscoff.com\/de\/wp-json\/wp\/v2\/posts\/61527\/revisions"}],"predecessor-version":[{"id":62078,"href":"https:\/\/jardinexotiqueroscoff.com\/de\/wp-json\/wp\/v2\/posts\/61527\/revisions\/62078"}],"wp:featuredmedia":[{"embeddable":true,"href":"https:\/\/jardinexotiqueroscoff.com\/de\/wp-json\/wp\/v2\/media\/61268"}],"wp:attachment":[{"href":"https:\/\/jardinexotiqueroscoff.com\/de\/wp-json\/wp\/v2\/media?parent=61527"}],"wp:term":[{"taxonomy":"category","embeddable":true,"href":"https:\/\/jardinexotiqueroscoff.com\/de\/wp-json\/wp\/v2\/categories?post=61527"},{"taxonomy":"post_tag","embeddable":true,"href":"https:\/\/jardinexotiqueroscoff.com\/de\/wp-json\/wp\/v2\/tags?post=61527"}],"curies":[{"name":"wp","href":"https:\/\/api.w.org\/{rel}","templated":true}]}}