{"id":61522,"date":"2023-08-30T10:11:01","date_gmt":"2023-08-30T10:11:01","guid":{"rendered":"https:\/\/jardinexotiqueroscoff.com\/europaeische-tage-des-denkmals-2023-ermaessigter-tarif\/"},"modified":"2025-11-24T13:37:49","modified_gmt":"2025-11-24T13:37:49","slug":"europaeische-tage-des-denkmals-2023-ermaessigter-tarif","status":"publish","type":"post","link":"https:\/\/jardinexotiqueroscoff.com\/de\/europaeische-tage-des-denkmals-2023-ermaessigter-tarif\/","title":{"rendered":"Europ\u00e4ische Tage des Denkmals 2023: Erm\u00e4\u00dfigter Tarif"},"content":{"rendered":"<div id=\"dslc-theme-content\"><div id=\"dslc-theme-content-inner\"><p><span class=\"ILfuVd\" lang=\"fr\"><span class=\"hgKElc\">Die 40. Ausgabe der Europ\u00e4ischen Tage des Denkmals 2023 wird am <b>Samstag, den 16. und Sonntag, den 17. September 2023<\/b> unter den Themen \"Lebendiges Kulturerbe\" und \"Kulturerbe des Sports\" stattfinden.<\/span><\/span>.<\/p>\n<p>Zu diesem Anlass wird der Eintritt in den Garten auf 4 \u20ac reduziert (statt 6 \u20ac oder 5 \u20ac). Es gelten die anderen g\u00fcnstigeren Vorzugstarife.<\/p>\n<p>Der Garten ist zu den \u00fcblichen Zeiten ge\u00f6ffnet (10.00-18.00 Uhr durchgehend).<\/p>\n<\/div><\/div>","protected":false},"excerpt":{"rendered":"<p>Die 40. Ausgabe der Europ\u00e4ischen Tage des Denkmals 2023 wird am Samstag, den 16. und Sonntag, den 17. September 2023 unter den Themen \"Lebendiges Kulturerbe\" und \"Kulturerbe des Sports\" stattfinden.. Zu diesem Anlass wird der Eintritt in den Garten auf 4 \u20ac reduziert (statt 6 \u20ac oder 5 \u20ac). Es gelten die anderen g\u00fcnstigeren Vorzugstarife. [&hellip;]<\/p>\n","protected":false},"author":34,"featured_media":61290,"comment_status":"closed","ping_status":"closed","sticky":false,"template":"","format":"standard","meta":{"footnotes":""},"categories":[679],"tags":[],"class_list":["post-61522","post","type-post","status-publish","format-standard","has-post-thumbnail","hentry","category-nachrichten"],"_links":{"self":[{"href":"https:\/\/jardinexotiqueroscoff.com\/de\/wp-json\/wp\/v2\/posts\/61522","targetHints":{"allow":["GET"]}}],"collection":[{"href":"https:\/\/jardinexotiqueroscoff.com\/de\/wp-json\/wp\/v2\/posts"}],"about":[{"href":"https:\/\/jardinexotiqueroscoff.com\/de\/wp-json\/wp\/v2\/types\/post"}],"author":[{"embeddable":true,"href":"https:\/\/jardinexotiqueroscoff.com\/de\/wp-json\/wp\/v2\/users\/34"}],"replies":[{"embeddable":true,"href":"https:\/\/jardinexotiqueroscoff.com\/de\/wp-json\/wp\/v2\/comments?post=61522"}],"version-history":[{"count":1,"href":"https:\/\/jardinexotiqueroscoff.com\/de\/wp-json\/wp\/v2\/posts\/61522\/revisions"}],"predecessor-version":[{"id":62136,"href":"https:\/\/jardinexotiqueroscoff.com\/de\/wp-json\/wp\/v2\/posts\/61522\/revisions\/62136"}],"wp:featuredmedia":[{"embeddable":true,"href":"https:\/\/jardinexotiqueroscoff.com\/de\/wp-json\/wp\/v2\/media\/61290"}],"wp:attachment":[{"href":"https:\/\/jardinexotiqueroscoff.com\/de\/wp-json\/wp\/v2\/media?parent=61522"}],"wp:term":[{"taxonomy":"category","embeddable":true,"href":"https:\/\/jardinexotiqueroscoff.com\/de\/wp-json\/wp\/v2\/categories?post=61522"},{"taxonomy":"post_tag","embeddable":true,"href":"https:\/\/jardinexotiqueroscoff.com\/de\/wp-json\/wp\/v2\/tags?post=61522"}],"curies":[{"name":"wp","href":"https:\/\/api.w.org\/{rel}","templated":true}]}}