{"id":61518,"date":"2023-10-31T12:32:45","date_gmt":"2023-10-31T12:32:45","guid":{"rendered":"https:\/\/jardinexotiqueroscoff.com\/jaehrliche-winterschliessungen-ab-mittwoch-den-1-november-2023\/"},"modified":"2025-11-24T13:21:10","modified_gmt":"2025-11-24T13:21:10","slug":"jaehrliche-winterschliessungen-ab-mittwoch-den-1-november-2023","status":"publish","type":"post","link":"https:\/\/jardinexotiqueroscoff.com\/de\/jaehrliche-winterschliessungen-ab-mittwoch-den-1-november-2023\/","title":{"rendered":"J\u00e4hrliche Winterschlie\u00dfungen: Ab Mittwoch, den 1. November 2023"},"content":{"rendered":"<div id=\"dslc-theme-content\"><div id=\"dslc-theme-content-inner\"><p>H\u00f6rt, h\u00f6rt!<\/p>\n<p>Der Garten wird ab Mittwoch, den 1. November 2023 wegen der j\u00e4hrlichen Winterschlie\u00dfung f\u00fcr die \u00d6ffentlichkeit geschlossen.<\/p>\n<p>Das Gartenteam wird diesen Winter aktiv sein, um sich auf die n\u00e4chste Saison vorzubereiten.<\/p>\n<p>Die Wiederer\u00f6ffnung ist am 1. M\u00e4rz 2024 um 10.00 Uhr!<\/p>\n<p>&nbsp;<\/p>\n<p>Vielen Dank f\u00fcr Ihr Verst\u00e4ndnis und einen guten Rutsch ins Jahr 2023!<\/p>\n<p>Wir freuen uns darauf, Sie im n\u00e4chsten Jahr im Garten begr\u00fc\u00dfen zu d\u00fcrfen!<\/p>\n<p>&nbsp;<\/p>\n<p>Foto: Metrosideros 'Mistral' (Neuseel\u00e4ndischer Weihnachtsbaum)<\/p>\n<\/div><\/div>","protected":false},"excerpt":{"rendered":"<p>H\u00f6rt, h\u00f6rt! Der Garten wird ab Mittwoch, den 1. November 2023 wegen der j\u00e4hrlichen Winterschlie\u00dfung f\u00fcr die \u00d6ffentlichkeit geschlossen. Das Gartenteam wird diesen Winter aktiv sein, um sich auf die n\u00e4chste Saison vorzubereiten. Die Wiederer\u00f6ffnung ist am 1. M\u00e4rz 2024 um 10.00 Uhr! &nbsp; Vielen Dank f\u00fcr Ihr Verst\u00e4ndnis und einen guten Rutsch ins Jahr [&hellip;]<\/p>\n","protected":false},"author":34,"featured_media":61292,"comment_status":"closed","ping_status":"closed","sticky":false,"template":"","format":"standard","meta":{"footnotes":""},"categories":[679],"tags":[],"class_list":["post-61518","post","type-post","status-publish","format-standard","has-post-thumbnail","hentry","category-nachrichten"],"_links":{"self":[{"href":"https:\/\/jardinexotiqueroscoff.com\/de\/wp-json\/wp\/v2\/posts\/61518","targetHints":{"allow":["GET"]}}],"collection":[{"href":"https:\/\/jardinexotiqueroscoff.com\/de\/wp-json\/wp\/v2\/posts"}],"about":[{"href":"https:\/\/jardinexotiqueroscoff.com\/de\/wp-json\/wp\/v2\/types\/post"}],"author":[{"embeddable":true,"href":"https:\/\/jardinexotiqueroscoff.com\/de\/wp-json\/wp\/v2\/users\/34"}],"replies":[{"embeddable":true,"href":"https:\/\/jardinexotiqueroscoff.com\/de\/wp-json\/wp\/v2\/comments?post=61518"}],"version-history":[{"count":1,"href":"https:\/\/jardinexotiqueroscoff.com\/de\/wp-json\/wp\/v2\/posts\/61518\/revisions"}],"predecessor-version":[{"id":62096,"href":"https:\/\/jardinexotiqueroscoff.com\/de\/wp-json\/wp\/v2\/posts\/61518\/revisions\/62096"}],"wp:featuredmedia":[{"embeddable":true,"href":"https:\/\/jardinexotiqueroscoff.com\/de\/wp-json\/wp\/v2\/media\/61292"}],"wp:attachment":[{"href":"https:\/\/jardinexotiqueroscoff.com\/de\/wp-json\/wp\/v2\/media?parent=61518"}],"wp:term":[{"taxonomy":"category","embeddable":true,"href":"https:\/\/jardinexotiqueroscoff.com\/de\/wp-json\/wp\/v2\/categories?post=61518"},{"taxonomy":"post_tag","embeddable":true,"href":"https:\/\/jardinexotiqueroscoff.com\/de\/wp-json\/wp\/v2\/tags?post=61518"}],"curies":[{"name":"wp","href":"https:\/\/api.w.org\/{rel}","templated":true}]}}